{"id":5706,"date":"2018-12-03T11:37:18","date_gmt":"2018-12-03T10:37:18","guid":{"rendered":"https:\/\/lapageoriginal.com\/wp\/?p=5706"},"modified":"2022-11-29T17:33:54","modified_gmt":"2022-11-29T16:33:54","slug":"la-page-ensenyaelcor","status":"publish","type":"post","link":"https:\/\/lapageoriginal.com\/es\/la-page-ensenyaelcor\/","title":{"rendered":"La Page #ensenyaelcor"},"content":{"rendered":"<p>La Page ha realizado el Balance Social del ejercicio 2022, donde se han medido y recogido los aspectos internos de la organizaci\u00f3n en el informe del estado del Mercado Social catal\u00e1n.<\/p>\n<p>El Balance Social es una herramienta inform\u00e1tica de rendici\u00f3n de cuentas y medida de impacto social, ambiental y de buen gobierno, que eval\u00faa de forma sistem\u00e1tica, objetiva y peri\u00f3dica la democracia, la igualdad, el compromiso ambiental, el compromiso social, la calidad laboral y la calidad profesional de todas aquellas organizaciones que quieran medir, conocer y mejorar su ejercicio anual.<\/p>\n<p>Desde La Page os animamos a realizar el Balance Social y cumplir con los compromisos de mejora de las organizaciones socialmente responsables.<\/p>\n<p>Ya puedes consultar el <strong><a href=\"https:\/\/mercatsocial.xes.cat\/ca\/cataleg-dorganitzacions\/\" target=\"_blank\" rel=\"noopener\">Cat\u00e1logo de las organizaciones del Balance Social<\/a><\/strong>.<\/p>\n<p><a href=\"https:\/\/lapageoriginal.com\/wp\/wp-content\/uploads\/2022\/11\/Balanc-social-2022.pdf\" target=\"_blank\" rel=\"noopener\">Informe Balan\u00e7 social 2022_LA PAGE<\/a><\/p>\n","protected":false},"excerpt":{"rendered":"<p>La Page ha realizado el Balance Social del ejercicio 2022, donde se han medido y recogido los aspectos internos de la organizaci\u00f3n en el informe del estado del Mercado Social catal\u00e1n. El Balance Social es una herramienta inform\u00e1tica de rendici\u00f3n de cuentas y medida de impacto social, ambiental y de buen gobierno, que eval\u00faa de [&hellip;]<\/p>\n","protected":false},"author":1,"featured_media":5695,"comment_status":"closed","ping_status":"closed","sticky":false,"template":"","format":"standard","meta":{"footnotes":""},"categories":[394,107,169],"tags":[],"class_list":["post-5706","post","type-post","status-publish","format-standard","has-post-thumbnail","hentry","category-nosaltres","category-sin-categoria","category-diseno-social"],"_links":{"self":[{"href":"https:\/\/lapageoriginal.com\/es\/wp-json\/wp\/v2\/posts\/5706","targetHints":{"allow":["GET"]}}],"collection":[{"href":"https:\/\/lapageoriginal.com\/es\/wp-json\/wp\/v2\/posts"}],"about":[{"href":"https:\/\/lapageoriginal.com\/es\/wp-json\/wp\/v2\/types\/post"}],"author":[{"embeddable":true,"href":"https:\/\/lapageoriginal.com\/es\/wp-json\/wp\/v2\/users\/1"}],"replies":[{"embeddable":true,"href":"https:\/\/lapageoriginal.com\/es\/wp-json\/wp\/v2\/comments?post=5706"}],"version-history":[{"count":6,"href":"https:\/\/lapageoriginal.com\/es\/wp-json\/wp\/v2\/posts\/5706\/revisions"}],"predecessor-version":[{"id":6630,"href":"https:\/\/lapageoriginal.com\/es\/wp-json\/wp\/v2\/posts\/5706\/revisions\/6630"}],"wp:featuredmedia":[{"embeddable":true,"href":"https:\/\/lapageoriginal.com\/es\/wp-json\/wp\/v2\/media\/5695"}],"wp:attachment":[{"href":"https:\/\/lapageoriginal.com\/es\/wp-json\/wp\/v2\/media?parent=5706"}],"wp:term":[{"taxonomy":"category","embeddable":true,"href":"https:\/\/lapageoriginal.com\/es\/wp-json\/wp\/v2\/categories?post=5706"},{"taxonomy":"post_tag","embeddable":true,"href":"https:\/\/lapageoriginal.com\/es\/wp-json\/wp\/v2\/tags?post=5706"}],"curies":[{"name":"wp","href":"https:\/\/api.w.org\/{rel}","templated":true}]}}