{"id":5417,"date":"2018-05-30T13:44:32","date_gmt":"2018-05-30T11:44:32","guid":{"rendered":"https:\/\/lapageoriginal.com\/wp\/?p=5417"},"modified":"2025-07-23T10:22:07","modified_gmt":"2025-07-23T08:22:07","slug":"cultura-popular-en-las-escuelas","status":"publish","type":"post","link":"https:\/\/lapageoriginal.com\/es\/cultura-popular-en-las-escuelas\/","title":{"rendered":"Cultura popular en las escuelas"},"content":{"rendered":"<span id=\"result_box\" lang=\"es\">Campa&ntilde;a destinada a las escuelas para fomentar y dar a conocer la cultura popular en la Ciudad de Barcelona. Creamos una l&iacute;nea gr&aacute;fica para aplicarla algunos a&ntilde;os. Formato plegado cuadrado, aprovechamos todo el papel y conseguimos visualizaci&oacute;n gracias a la singularidad de pliego. La portada jugamos con una imagen muy encuadrada por lo que nos aproxima a los personajes de la fiesta, gigantes, <span>cabezudos &hellip;<\/span><\/span><a href=\"https:\/\/lapageoriginal.com\/wp\/wp-content\/uploads\/2018\/05\/Festes-populars-1BIS.jpg\" data-lbwps-width=\"2560\" data-lbwps-height=\"1707\" data-lbwps-srcsmall=\"https:\/\/lapageoriginal.com\/wp\/wp-content\/uploads\/2018\/05\/Festes-populars-1BIS.jpg\"><img loading=\"lazy\" decoding=\"async\" width=\"2560\" height=\"1707\" class=\"alignnone size-full wp-image-5413\" src=\"https:\/\/lapageoriginal.com\/wp\/wp-content\/uploads\/2018\/05\/Festes-populars-1BIS.jpg\" alt=\"Festes-populars_1BIS\" srcset=\"https:\/\/lapageoriginal.com\/wp\/wp-content\/uploads\/2018\/05\/Festes-populars-1BIS.jpg 2560w, https:\/\/lapageoriginal.com\/wp\/wp-content\/uploads\/2018\/05\/Festes-populars-1BIS-600x400.jpg 600w, https:\/\/lapageoriginal.com\/wp\/wp-content\/uploads\/2018\/05\/Festes-populars-1BIS-1800x1200.jpg 1800w\" sizes=\"auto, (max-width: 2560px) 100vw, 2560px\"><\/a><figure class=\"wp-block-gallery has-nested-images columns-default is-cropped wp-block-gallery-1 is-layout-flex wp-block-gallery-is-layout-flex\">\n\n<figure class=\"wp-block-image size-large\"><a href=\"https:\/\/lapageoriginal.com\/wp\/wp-content\/uploads\/2018\/05\/Festes-populars-2.jpg\"><img loading=\"lazy\" decoding=\"async\" width=\"3217\" height=\"2141\" data-id=\"5398\" src=\"https:\/\/lapageoriginal.com\/wp\/wp-content\/uploads\/2018\/05\/Festes-populars-2.jpg\" alt=\"\" class=\"wp-image-5398\" srcset=\"https:\/\/lapageoriginal.com\/wp\/wp-content\/uploads\/2018\/05\/Festes-populars-2.jpg 3217w, https:\/\/lapageoriginal.com\/wp\/wp-content\/uploads\/2018\/05\/Festes-populars-2-340x226.jpg 340w, https:\/\/lapageoriginal.com\/wp\/wp-content\/uploads\/2018\/05\/Festes-populars-2-540x359.jpg 540w\" sizes=\"auto, (max-width: 3217px) 100vw, 3217px\"><\/a><\/figure>\n\n\n\n<figure class=\"wp-block-image size-large\"><a href=\"https:\/\/lapageoriginal.com\/wp\/wp-content\/uploads\/2018\/05\/Festes-populars.jpg\"><img loading=\"lazy\" decoding=\"async\" width=\"3888\" height=\"2592\" data-id=\"5400\" src=\"https:\/\/lapageoriginal.com\/wp\/wp-content\/uploads\/2018\/05\/Festes-populars.jpg\" alt=\"\" class=\"wp-image-5400\" srcset=\"https:\/\/lapageoriginal.com\/wp\/wp-content\/uploads\/2018\/05\/Festes-populars.jpg 3888w, https:\/\/lapageoriginal.com\/wp\/wp-content\/uploads\/2018\/05\/Festes-populars-340x226.jpg 340w, https:\/\/lapageoriginal.com\/wp\/wp-content\/uploads\/2018\/05\/Festes-populars-540x360.jpg 540w\" sizes=\"auto, (max-width: 3888px) 100vw, 3888px\"><\/a><\/figure>\n\n\n<\/figure>\n","protected":false},"excerpt":{"rendered":"<p>Campa\u00f1a destinada a las escuelas para fomentar y dar a conocer la cultura popular en la Ciudad de Barcelona. Creamos una l\u00ednea gr\u00e1fica para aplicarla algunos a\u00f1os. Formato plegado cuadrado, aprovechamos todo el papel y conseguimos visualizaci\u00f3n gracias a la singularidad de pliego. La portada jugamos con una imagen muy encuadrada por lo que nos [&hellip;]<\/p>\n","protected":false},"author":9,"featured_media":5412,"comment_status":"closed","ping_status":"closed","sticky":false,"template":"","format":"standard","meta":{"footnotes":""},"categories":[559,119],"tags":[],"class_list":["post-5417","post","type-post","status-publish","format-standard","has-post-thumbnail","hentry","category-imatge-global","category-projectes"],"_links":{"self":[{"href":"https:\/\/lapageoriginal.com\/es\/wp-json\/wp\/v2\/posts\/5417","targetHints":{"allow":["GET"]}}],"collection":[{"href":"https:\/\/lapageoriginal.com\/es\/wp-json\/wp\/v2\/posts"}],"about":[{"href":"https:\/\/lapageoriginal.com\/es\/wp-json\/wp\/v2\/types\/post"}],"author":[{"embeddable":true,"href":"https:\/\/lapageoriginal.com\/es\/wp-json\/wp\/v2\/users\/9"}],"replies":[{"embeddable":true,"href":"https:\/\/lapageoriginal.com\/es\/wp-json\/wp\/v2\/comments?post=5417"}],"version-history":[{"count":2,"href":"https:\/\/lapageoriginal.com\/es\/wp-json\/wp\/v2\/posts\/5417\/revisions"}],"predecessor-version":[{"id":7864,"href":"https:\/\/lapageoriginal.com\/es\/wp-json\/wp\/v2\/posts\/5417\/revisions\/7864"}],"wp:featuredmedia":[{"embeddable":true,"href":"https:\/\/lapageoriginal.com\/es\/wp-json\/wp\/v2\/media\/5412"}],"wp:attachment":[{"href":"https:\/\/lapageoriginal.com\/es\/wp-json\/wp\/v2\/media?parent=5417"}],"wp:term":[{"taxonomy":"category","embeddable":true,"href":"https:\/\/lapageoriginal.com\/es\/wp-json\/wp\/v2\/categories?post=5417"},{"taxonomy":"post_tag","embeddable":true,"href":"https:\/\/lapageoriginal.com\/es\/wp-json\/wp\/v2\/tags?post=5417"}],"curies":[{"name":"wp","href":"https:\/\/api.w.org\/{rel}","templated":true}]}}