{"id":3970,"date":"2015-04-01T11:45:06","date_gmt":"2015-04-01T09:45:06","guid":{"rendered":"https:\/\/lapageoriginal.com\/wp\/?p=3970"},"modified":"2015-04-08T09:34:36","modified_gmt":"2015-04-08T07:34:36","slug":"nominados-como-ejemplo-de-eco-innovacion","status":"publish","type":"post","link":"https:\/\/lapageoriginal.com\/es\/nominados-como-ejemplo-de-eco-innovacion\/","title":{"rendered":"Nominados como ejemplo de eco-innovaci\u00f3n"},"content":{"rendered":"<p><a href=\"https:\/\/lapageoriginal.com\/wp\/wp-content\/uploads\/2015\/04\/la-page-nominada-EMAS-AWARD23.jpg\" data-lbwps-width=\"422\" data-lbwps-height=\"392\" data-lbwps-srcsmall=\"https:\/\/lapageoriginal.com\/wp\/wp-content\/uploads\/2015\/04\/la-page-nominada-EMAS-AWARD23.jpg\"><img loading=\"lazy\" decoding=\"async\" width=\"422\" height=\"392\" class=\"alignnone size-full wp-image-4005\" src=\"https:\/\/lapageoriginal.com\/wp\/wp-content\/uploads\/2015\/04\/la-page-nominada-EMAS-AWARD23.jpg\" alt=\"la_page_nominada_EMAS_AWARD2\" srcset=\"https:\/\/lapageoriginal.com\/wp\/wp-content\/uploads\/2015\/04\/la-page-nominada-EMAS-AWARD23.jpg 422w, https:\/\/lapageoriginal.com\/wp\/wp-content\/uploads\/2015\/04\/la-page-nominada-EMAS-AWARD23-340x315.jpg 340w\" sizes=\"auto, (max-width: 422px) 100vw, 422px\" \/><\/a><\/p>\n<p>El Premio Europeo EMAS es el premio m\u00e1s prestigioso en la gesti\u00f3n ambiental y se ha presentado a organizaciones registradas casi todos los a\u00f1os desde 2005. Fueron establecidos por la Comisi\u00f3n Europea y recompensa el mejor desempe\u00f1o de las organizaciones registradas en EMAS.<\/p>\n<p>Para la edici\u00f3n de este a\u00f1o, el Foro de organismos competentes y la Comisi\u00f3n Europea han decidido reconocer los logros de las organizaciones EMAS que se han destacado en la adopci\u00f3n de medidas innovadoras que se tradujeron en mejoras significativas de su desempe\u00f1o ambiental y que sus logros pueden inspirar a otros a hacer lo mismo.<\/p>\n<p>Estamos muy orgullosos por este reconocimiento como ejemplo para liderar el camino para la implementaci\u00f3n de soluciones innovadoras y creativas en el desarrollo de nuestros proyectos, a trav\u00e9s de nuestra cadena de valor, en la misma organizaci\u00f3n y en nuestro modelo de negocio para reducir el impacto ambiental y nuestra contribuci\u00f3n al medio ambiente.<\/p>\n<p>Los nominados de cada una de estas categor\u00edas son seleccionados a nivel nacional cada a\u00f1o y ser\u00e1n evaluados a nivel europeo por un jurado independiente, compuesto por expertos de reconocido prestigio en el \u00e1mbito de EMAS y la innovaci\u00f3n.<\/p>\n<p>Los Premios EMAS de este a\u00f1o se celebrar\u00e1n el 20 de mayo al 18 Foro Europeo de Eco-innovaci\u00f3n en Barcelona.<\/p>\n<p>Para m\u00e1s informaci\u00f3n:\u00a0<span style=\"color: #ff0000;\"><a href=\"http:\/\/ec.europa.eu\/environment\/emas\/emasawards\/nominees.htm\" target=\"_blank\"><span style=\"color: #ff0000;\">http:\/\/ec.europa.eu\/environment\/emas\/emasawards\/nominees.htm<\/span><\/a><\/span><\/p>\n","protected":false},"excerpt":{"rendered":"<p>El Premio Europeo EMAS es el premio m\u00e1s prestigioso en la gesti\u00f3n ambiental y se ha presentado a organizaciones registradas casi todos los a\u00f1os desde 2005. Fueron establecidos por la Comisi\u00f3n Europea y recompensa el mejor desempe\u00f1o de las organizaciones registradas en EMAS. Para la edici\u00f3n de este a\u00f1o, el Foro de organismos competentes y [&hellip;]<\/p>\n","protected":false},"author":8,"featured_media":4005,"comment_status":"closed","ping_status":"closed","sticky":false,"template":"","format":"standard","meta":{"footnotes":""},"categories":[632,614,107,175],"tags":[],"class_list":["post-3970","post","type-post","status-publish","format-standard","has-post-thumbnail","hentry","category-innovacion","category-empresa-limpia","category-sin-categoria","category-agentes-de-cambio"],"_links":{"self":[{"href":"https:\/\/lapageoriginal.com\/es\/wp-json\/wp\/v2\/posts\/3970","targetHints":{"allow":["GET"]}}],"collection":[{"href":"https:\/\/lapageoriginal.com\/es\/wp-json\/wp\/v2\/posts"}],"about":[{"href":"https:\/\/lapageoriginal.com\/es\/wp-json\/wp\/v2\/types\/post"}],"author":[{"embeddable":true,"href":"https:\/\/lapageoriginal.com\/es\/wp-json\/wp\/v2\/users\/8"}],"replies":[{"embeddable":true,"href":"https:\/\/lapageoriginal.com\/es\/wp-json\/wp\/v2\/comments?post=3970"}],"version-history":[{"count":7,"href":"https:\/\/lapageoriginal.com\/es\/wp-json\/wp\/v2\/posts\/3970\/revisions"}],"predecessor-version":[{"id":4007,"href":"https:\/\/lapageoriginal.com\/es\/wp-json\/wp\/v2\/posts\/3970\/revisions\/4007"}],"wp:featuredmedia":[{"embeddable":true,"href":"https:\/\/lapageoriginal.com\/es\/wp-json\/wp\/v2\/media\/4005"}],"wp:attachment":[{"href":"https:\/\/lapageoriginal.com\/es\/wp-json\/wp\/v2\/media?parent=3970"}],"wp:term":[{"taxonomy":"category","embeddable":true,"href":"https:\/\/lapageoriginal.com\/es\/wp-json\/wp\/v2\/categories?post=3970"},{"taxonomy":"post_tag","embeddable":true,"href":"https:\/\/lapageoriginal.com\/es\/wp-json\/wp\/v2\/tags?post=3970"}],"curies":[{"name":"wp","href":"https:\/\/api.w.org\/{rel}","templated":true}]}}