{"id":3405,"date":"2014-09-15T19:10:53","date_gmt":"2014-09-15T17:10:53","guid":{"rendered":"https:\/\/lapageoriginal.com\/wp\/?p=3405"},"modified":"2014-09-18T13:46:49","modified_gmt":"2014-09-18T11:46:49","slug":"disenamos-para-el-cambio","status":"publish","type":"post","link":"https:\/\/lapageoriginal.com\/es\/disenamos-para-el-cambio\/","title":{"rendered":"Dise\u00f1amos para el cambio"},"content":{"rendered":"<p><a href=\"https:\/\/lapageoriginal.com\/wp\/wp-content\/uploads\/2014\/09\/la_page_entrevista_sostenible.jpg\" data-lbwps-width=\"289\" data-lbwps-height=\"385\" data-lbwps-srcsmall=\"https:\/\/lapageoriginal.com\/wp\/wp-content\/uploads\/2014\/09\/la_page_entrevista_sostenible.jpg\"><img loading=\"lazy\" decoding=\"async\" width=\"289\" height=\"385\" class=\"alignnone size-full wp-image-3396\" src=\"https:\/\/lapageoriginal.com\/wp\/wp-content\/uploads\/2014\/09\/la_page_entrevista_sostenible.jpg\" alt=\"la_page_entrevista_sostenible\" \/><\/a><\/p>\n<p>Ana Villagordo, ambient\u00f3loga, consultora ambiental especializada en comunicaci\u00f3n y ecodise\u00f1o nos ha hecho una entrevista para Sostenible.cat. La revista portavoz de la Red de Ciudades y Pueblos hacia la Sostenibilidad, impulsada por la Diputaci\u00f3n de Barcelona.<\/p>\n<p><span style=\"text-decoration: underline;\"><span style=\"color: #ff0000; text-decoration: underline;\"><a href=\"http:\/\/www.sostenible.cat\/sostenible\/web\/noticies\/sos_noticies_web.php?cod_idioma=2&amp;seccio=4&amp;num_noticia=439586\" target=\"_blank\"><span style=\"color: #ff0000; text-decoration: underline;\">Haga clic aqu\u00ed para ir a la web<\/span><\/a><\/span><\/span><\/p>\n<p><span style=\"text-decoration: underline;\"><span style=\"color: #ff0000; text-decoration: underline;\"><a href=\"https:\/\/lapageoriginal.com\/wp\/wp-content\/uploads\/2014\/09\/SOSTENIBLE_Entrevista_cast.pdf\" target=\"_blank\"><span style=\"color: #ff0000; text-decoration: underline;\">SOSTENIBLE_Entrevista_cast en PDF<\/span><\/a><\/span><\/span><\/p>\n","protected":false},"excerpt":{"rendered":"<p>Ana Villagordo, ambient\u00f3loga, consultora ambiental especializada en comunicaci\u00f3n y ecodise\u00f1o nos ha hecho una entrevista para Sostenible.cat. La revista portavoz de la Red de Ciudades y Pueblos hacia la Sostenibilidad, impulsada por la Diputaci\u00f3n de Barcelona. Haga clic aqu\u00ed para ir a la web SOSTENIBLE_Entrevista_cast en PDF<\/p>\n","protected":false},"author":8,"featured_media":3396,"comment_status":"closed","ping_status":"closed","sticky":false,"template":"","format":"standard","meta":{"footnotes":""},"categories":[107,109,111],"tags":[],"class_list":["post-3405","post","type-post","status-publish","format-standard","has-post-thumbnail","hentry","category-sin-categoria","category-que-han-dicho-de-nosotros","category-opiniones-y-otras-cosas-importantes"],"_links":{"self":[{"href":"https:\/\/lapageoriginal.com\/es\/wp-json\/wp\/v2\/posts\/3405","targetHints":{"allow":["GET"]}}],"collection":[{"href":"https:\/\/lapageoriginal.com\/es\/wp-json\/wp\/v2\/posts"}],"about":[{"href":"https:\/\/lapageoriginal.com\/es\/wp-json\/wp\/v2\/types\/post"}],"author":[{"embeddable":true,"href":"https:\/\/lapageoriginal.com\/es\/wp-json\/wp\/v2\/users\/8"}],"replies":[{"embeddable":true,"href":"https:\/\/lapageoriginal.com\/es\/wp-json\/wp\/v2\/comments?post=3405"}],"version-history":[{"count":5,"href":"https:\/\/lapageoriginal.com\/es\/wp-json\/wp\/v2\/posts\/3405\/revisions"}],"predecessor-version":[{"id":3477,"href":"https:\/\/lapageoriginal.com\/es\/wp-json\/wp\/v2\/posts\/3405\/revisions\/3477"}],"wp:featuredmedia":[{"embeddable":true,"href":"https:\/\/lapageoriginal.com\/es\/wp-json\/wp\/v2\/media\/3396"}],"wp:attachment":[{"href":"https:\/\/lapageoriginal.com\/es\/wp-json\/wp\/v2\/media?parent=3405"}],"wp:term":[{"taxonomy":"category","embeddable":true,"href":"https:\/\/lapageoriginal.com\/es\/wp-json\/wp\/v2\/categories?post=3405"},{"taxonomy":"post_tag","embeddable":true,"href":"https:\/\/lapageoriginal.com\/es\/wp-json\/wp\/v2\/tags?post=3405"}],"curies":[{"name":"wp","href":"https:\/\/api.w.org\/{rel}","templated":true}]}}