{"id":3384,"date":"2014-09-10T18:26:00","date_gmt":"2014-09-10T16:26:00","guid":{"rendered":"https:\/\/lapageoriginal.com\/wp\/?p=3384"},"modified":"2014-09-10T18:31:03","modified_gmt":"2014-09-10T16:31:03","slug":"un-pot-en-catalunya-radio","status":"publish","type":"post","link":"https:\/\/lapageoriginal.com\/es\/un-pot-en-catalunya-radio\/","title":{"rendered":"\u201cUn pot\u201d en Catalunya R\u00e0dio"},"content":{"rendered":"<p>Catalu\u00f1a Radio habla de propuestas literarias con cuatro libreros, que hacen recomendaciones de libros por lo que queda de verano, pero tambi\u00e9n para coger con ganas este oto\u00f1o. No se pierdan lo que nos dicen Xavi Vidal, de No Lea, Pep Garcia, de Odisea Libros, Rosa Vi\u00f1allonga, de La Gralla y \u00c1ngeles F\u00e0bregues, de El Hogar del Libro. Entre los libros recomendados, \u00abUno puede\u00bb de la editorial La PAGE EDIT_A, como libro imprescindible!<\/p>\n<p>Acceda en este enlace a versi\u00f3n corta del audio las recomendaciones finales del programa.<\/p>\n<p><iframe loading=\"lazy\" src=\"https:\/\/w.soundcloud.com\/player\/?url=https%3A\/\/api.soundcloud.com\/tracks\/166984927&amp;auto_play=false&amp;hide_related=false&amp;show_comments=true&amp;show_user=true&amp;show_reposts=false&amp;visual=true\" height=\"450\" width=\"100%\" frameborder=\"no\" scrolling=\"no\"><\/iframe><\/p>\n<p>Acceda en este enlace a versi\u00f3n completa del audio del programa \u00ablas musas: recomendaciones literarias\u00bb.<\/p>\n<p><iframe loading=\"lazy\" src=\"https:\/\/w.soundcloud.com\/player\/?url=https%3A\/\/api.soundcloud.com\/tracks\/166969801&amp;auto_play=false&amp;hide_related=false&amp;show_comments=true&amp;show_user=true&amp;show_reposts=false&amp;visual=true\" height=\"450\" width=\"100%\" frameborder=\"no\" scrolling=\"no\"><\/iframe><\/p>\n","protected":false},"excerpt":{"rendered":"<p>Catalu\u00f1a Radio habla de propuestas literarias con cuatro libreros, que hacen recomendaciones de libros por lo que queda de verano, pero tambi\u00e9n para coger con ganas este oto\u00f1o. No se pierdan lo que nos dicen Xavi Vidal, de No Lea, Pep Garcia, de Odisea Libros, Rosa Vi\u00f1allonga, de La Gralla y \u00c1ngeles F\u00e0bregues, de El [&hellip;]<\/p>\n","protected":false},"author":8,"featured_media":3380,"comment_status":"closed","ping_status":"closed","sticky":false,"template":"","format":"standard","meta":{"footnotes":""},"categories":[1668,107,109],"tags":[],"class_list":["post-3384","post","type-post","status-publish","format-standard","has-post-thumbnail","hentry","category-la-page_edita","category-sin-categoria","category-que-han-dicho-de-nosotros"],"_links":{"self":[{"href":"https:\/\/lapageoriginal.com\/es\/wp-json\/wp\/v2\/posts\/3384","targetHints":{"allow":["GET"]}}],"collection":[{"href":"https:\/\/lapageoriginal.com\/es\/wp-json\/wp\/v2\/posts"}],"about":[{"href":"https:\/\/lapageoriginal.com\/es\/wp-json\/wp\/v2\/types\/post"}],"author":[{"embeddable":true,"href":"https:\/\/lapageoriginal.com\/es\/wp-json\/wp\/v2\/users\/8"}],"replies":[{"embeddable":true,"href":"https:\/\/lapageoriginal.com\/es\/wp-json\/wp\/v2\/comments?post=3384"}],"version-history":[{"count":4,"href":"https:\/\/lapageoriginal.com\/es\/wp-json\/wp\/v2\/posts\/3384\/revisions"}],"predecessor-version":[{"id":3390,"href":"https:\/\/lapageoriginal.com\/es\/wp-json\/wp\/v2\/posts\/3384\/revisions\/3390"}],"wp:featuredmedia":[{"embeddable":true,"href":"https:\/\/lapageoriginal.com\/es\/wp-json\/wp\/v2\/media\/3380"}],"wp:attachment":[{"href":"https:\/\/lapageoriginal.com\/es\/wp-json\/wp\/v2\/media?parent=3384"}],"wp:term":[{"taxonomy":"category","embeddable":true,"href":"https:\/\/lapageoriginal.com\/es\/wp-json\/wp\/v2\/categories?post=3384"},{"taxonomy":"post_tag","embeddable":true,"href":"https:\/\/lapageoriginal.com\/es\/wp-json\/wp\/v2\/tags?post=3384"}],"curies":[{"name":"wp","href":"https:\/\/api.w.org\/{rel}","templated":true}]}}